{"id":583,"date":"2022-04-14T22:51:48","date_gmt":"2022-04-14T20:51:48","guid":{"rendered":"https:\/\/www.transenne.net\/?post_type=notizia&#038;p=583"},"modified":"2022-04-15T16:23:46","modified_gmt":"2022-04-15T14:23:46","slug":"131-sardegna-2015-piccoli-grandi-eventi-estivi","status":"publish","type":"notizia","link":"https:\/\/www.transenne.net\/it\/blog\/131-sardegna-2015-piccoli-grandi-eventi-estivi\/","title":{"rendered":"Sardegna 2015 &#8211; Piccoli Grandi Eventi Estivi"},"content":{"rendered":"<p>Gare Podistica, Rally, Feste Mondane &#8211; Estate 2015 Sardegna<\/p>\n<p>Grazie al ns &#8220;concessionario&#8221; Transenne.net in Sardegna, Spazio Mp2 sbarca e porta alta visibilit\u00e0, esclusivit\u00e0, leggerezza ed unicit\u00e0 nella BELLA ISOLA. Una carrellata di immagini che dimostrano come anche in terra Sarda la Transenna Spazio Mp2 piaccia e dimostra ancora una volta di essere degna compagna di molte e variegate manifestazioni mondane e sportive anche in location prestigiose.<\/p>\n","protected":false},"excerpt":{"rendered":"<p>Transenne.net\u00a0protagonista a Monza in occasione del Monza Rally Show.<\/p>\n","protected":false},"featured_media":598,"parent":0,"menu_order":113,"template":"","categories":[37],"tags":[],"class_list":["post-583","notizia","type-notizia","status-publish","has-post-thumbnail","hentry","category-news"],"acf":[],"yoast_head":"<!-- This site is optimized with the Yoast SEO plugin v27.3 - https:\/\/yoast.com\/product\/yoast-seo-wordpress\/ -->\n<title>Sardegna 2015 - Piccoli Grandi Eventi Estivi - Transenne.net<\/title>\n<meta name=\"robots\" content=\"index, follow, max-snippet:-1, max-image-preview:large, max-video-preview:-1\" \/>\n<link rel=\"canonical\" href=\"https:\/\/www.transenne.net\/it\/blog\/131-sardegna-2015-piccoli-grandi-eventi-estivi\/\" \/>\n<meta property=\"og:locale\" content=\"it_IT\" \/>\n<meta property=\"og:type\" content=\"article\" \/>\n<meta property=\"og:title\" content=\"Sardegna 2015 - Piccoli Grandi Eventi Estivi - Transenne.net\" \/>\n<meta property=\"og:description\" content=\"Transenne.net\u00a0protagonista a Monza in occasione del Monza Rally Show.\" \/>\n<meta property=\"og:url\" content=\"https:\/\/www.transenne.net\/it\/blog\/131-sardegna-2015-piccoli-grandi-eventi-estivi\/\" \/>\n<meta property=\"og:site_name\" content=\"Transenne.net\" \/>\n<meta property=\"article:modified_time\" content=\"2022-04-15T14:23:46+00:00\" \/>\n<meta property=\"og:image\" content=\"https:\/\/www.transenne.net\/wp-content\/uploads\/2022\/04\/jwsigpro_cache_c630b531ef_transenne_eventi_estate_2015_3.jpg\" \/>\n\t<meta property=\"og:image:width\" content=\"515\" \/>\n\t<meta property=\"og:image:height\" content=\"290\" \/>\n\t<meta property=\"og:image:type\" content=\"image\/jpeg\" \/>\n<meta name=\"twitter:card\" content=\"summary_large_image\" \/>\n<meta name=\"twitter:label1\" content=\"Tempo di lettura stimato\" \/>\n\t<meta name=\"twitter:data1\" content=\"1 minuto\" \/>\n<!-- \/ Yoast SEO plugin. -->","yoast_head_json":{"title":"Sardegna 2015 - Piccoli Grandi Eventi Estivi - Transenne.net","robots":{"index":"index","follow":"follow","max-snippet":"max-snippet:-1","max-image-preview":"max-image-preview:large","max-video-preview":"max-video-preview:-1"},"canonical":"https:\/\/www.transenne.net\/it\/blog\/131-sardegna-2015-piccoli-grandi-eventi-estivi\/","og_locale":"it_IT","og_type":"article","og_title":"Sardegna 2015 - Piccoli Grandi Eventi Estivi - Transenne.net","og_description":"Transenne.net\u00a0protagonista a Monza in occasione del Monza Rally Show.","og_url":"https:\/\/www.transenne.net\/it\/blog\/131-sardegna-2015-piccoli-grandi-eventi-estivi\/","og_site_name":"Transenne.net","article_modified_time":"2022-04-15T14:23:46+00:00","og_image":[{"width":515,"height":290,"url":"https:\/\/www.transenne.net\/wp-content\/uploads\/2022\/04\/jwsigpro_cache_c630b531ef_transenne_eventi_estate_2015_3.jpg","type":"image\/jpeg"}],"twitter_card":"summary_large_image","twitter_misc":{"Tempo di lettura stimato":"1 minuto"},"schema":{"@context":"https:\/\/schema.org","@graph":[{"@type":"WebPage","@id":"https:\/\/www.transenne.net\/it\/blog\/131-sardegna-2015-piccoli-grandi-eventi-estivi\/","url":"https:\/\/www.transenne.net\/it\/blog\/131-sardegna-2015-piccoli-grandi-eventi-estivi\/","name":"Sardegna 2015 - Piccoli Grandi Eventi Estivi - Transenne.net","isPartOf":{"@id":"https:\/\/www.transenne.net\/it\/#website"},"primaryImageOfPage":{"@id":"https:\/\/www.transenne.net\/it\/blog\/131-sardegna-2015-piccoli-grandi-eventi-estivi\/#primaryimage"},"image":{"@id":"https:\/\/www.transenne.net\/it\/blog\/131-sardegna-2015-piccoli-grandi-eventi-estivi\/#primaryimage"},"thumbnailUrl":"https:\/\/www.transenne.net\/wp-content\/uploads\/2022\/04\/jwsigpro_cache_c630b531ef_transenne_eventi_estate_2015_3.jpg","datePublished":"2022-04-14T20:51:48+00:00","dateModified":"2022-04-15T14:23:46+00:00","breadcrumb":{"@id":"https:\/\/www.transenne.net\/it\/blog\/131-sardegna-2015-piccoli-grandi-eventi-estivi\/#breadcrumb"},"inLanguage":"it-IT","potentialAction":[{"@type":"ReadAction","target":["https:\/\/www.transenne.net\/it\/blog\/131-sardegna-2015-piccoli-grandi-eventi-estivi\/"]}]},{"@type":"ImageObject","inLanguage":"it-IT","@id":"https:\/\/www.transenne.net\/it\/blog\/131-sardegna-2015-piccoli-grandi-eventi-estivi\/#primaryimage","url":"https:\/\/www.transenne.net\/wp-content\/uploads\/2022\/04\/jwsigpro_cache_c630b531ef_transenne_eventi_estate_2015_3.jpg","contentUrl":"https:\/\/www.transenne.net\/wp-content\/uploads\/2022\/04\/jwsigpro_cache_c630b531ef_transenne_eventi_estate_2015_3.jpg","width":515,"height":290},{"@type":"BreadcrumbList","@id":"https:\/\/www.transenne.net\/it\/blog\/131-sardegna-2015-piccoli-grandi-eventi-estivi\/#breadcrumb","itemListElement":[{"@type":"ListItem","position":1,"name":"Home","item":"https:\/\/www.transenne.net\/it\/"},{"@type":"ListItem","position":2,"name":"Sardegna 2015 &#8211; Piccoli Grandi Eventi Estivi"}]},{"@type":"WebSite","@id":"https:\/\/www.transenne.net\/it\/#website","url":"https:\/\/www.transenne.net\/it\/","name":"Transenne.net","description":"","publisher":{"@id":"https:\/\/www.transenne.net\/it\/#organization"},"potentialAction":[{"@type":"SearchAction","target":{"@type":"EntryPoint","urlTemplate":"https:\/\/www.transenne.net\/it\/?s={search_term_string}"},"query-input":{"@type":"PropertyValueSpecification","valueRequired":true,"valueName":"search_term_string"}}],"inLanguage":"it-IT"},{"@type":"Organization","@id":"https:\/\/www.transenne.net\/it\/#organization","name":"Transenne.net","url":"https:\/\/www.transenne.net\/it\/","logo":{"@type":"ImageObject","inLanguage":"it-IT","@id":"https:\/\/www.transenne.net\/it\/#\/schema\/logo\/image\/","url":"https:\/\/www.transenne.net\/wp-content\/uploads\/2022\/05\/logo_transenne-1.png","contentUrl":"https:\/\/www.transenne.net\/wp-content\/uploads\/2022\/05\/logo_transenne-1.png","width":1536,"height":186,"caption":"Transenne.net"},"image":{"@id":"https:\/\/www.transenne.net\/it\/#\/schema\/logo\/image\/"}}]}},"_links":{"self":[{"href":"https:\/\/www.transenne.net\/it\/wp-json\/wp\/v2\/notizia\/583","targetHints":{"allow":["GET"]}}],"collection":[{"href":"https:\/\/www.transenne.net\/it\/wp-json\/wp\/v2\/notizia"}],"about":[{"href":"https:\/\/www.transenne.net\/it\/wp-json\/wp\/v2\/types\/notizia"}],"wp:featuredmedia":[{"embeddable":true,"href":"https:\/\/www.transenne.net\/it\/wp-json\/wp\/v2\/media\/598"}],"wp:attachment":[{"href":"https:\/\/www.transenne.net\/it\/wp-json\/wp\/v2\/media?parent=583"}],"wp:term":[{"taxonomy":"category","embeddable":true,"href":"https:\/\/www.transenne.net\/it\/wp-json\/wp\/v2\/categories?post=583"},{"taxonomy":"post_tag","embeddable":true,"href":"https:\/\/www.transenne.net\/it\/wp-json\/wp\/v2\/tags?post=583"}],"curies":[{"name":"wp","href":"https:\/\/api.w.org\/{rel}","templated":true}]}}