{"id":479,"date":"2022-04-14T22:31:40","date_gmt":"2022-04-14T20:31:40","guid":{"rendered":"https:\/\/www.transenne.net\/?post_type=notizia&#038;p=479"},"modified":"2022-04-15T16:32:01","modified_gmt":"2022-04-15T14:32:01","slug":"69-transennenet-con-a-style-team-al-rally-di-monza","status":"publish","type":"notizia","link":"https:\/\/www.transenne.net\/it\/blog\/69-transennenet-con-a-style-team-al-rally-di-monza\/","title":{"rendered":"Transenne.net con A-Style Team al Rally di Monza"},"content":{"rendered":"<p><strong>Transenne.net<\/strong>\u00a0protagonista a Monza in occasione del Monza Rally Show. La partnership con A-Style team, squadra di livello internazionale che si \u00e8 recata in Brianza con ben 5 vetture, tutte Ford Fiesta, sia WRC che S2000, ha permesso a Transenne.net di presentarsi nei paddock di Monza con ben tre modelli delle proprie transenne. Oltre alla classiche\u00a0<strong>Spazio MP2<\/strong>, nella speciale colorazione Krypton ad alta visibilit\u00e0, che \u00e8 la novit\u00e0 dell&#8217;anno 2013, Transenne.net ha presentato le due anteprime per la stagione 2014, transenne che mirano a crearsi un nuovo spazio nell&#8217;ambito della comunicazione visiva.<\/p>\n<p>&nbsp;<\/p>\n<p><strong>Spazio MPromo<\/strong>\u00a0\u00e8 la prima novit\u00e0: la transenna modulare pieghevole, utilizzabile nelle gamme da 3, 4 e 6 metri, coniugana la recinzione e messa in sicurezza degli spazi con la comunicazione dei messaggi pubblicitari o segnaletici. Le transenne Spazio MPromo si posano in pochi secondi, sono gestibili da una singola persona, e sono autoportanti. Nel caso di condizioni critiche \u00e8 possibile utilizzarle anche con specifici accessori come piedino piatto e picchetto, che rendono ancora pi\u00f9 solida la recinzione creata.<\/p>\n<p>Le transenne\u00a0<strong>Spazio MPromo<\/strong>\u00a0sono completamente personalizzabili ed utilizzano una speciale rete traspirante stampabile e facilmente intercambiabile. La transenna \u00e8 interamente componibile, \u00e8 fornita gi\u00e0 montata ma nel caso occorra sostituire la grafica \u00e8 possibile fare l&#8217;operazione direttamente dall&#8217;utilizzatore. Infatti il pannello \u00e8 bloccato da una speciale pinza a terra che ancora la rete alla struttura, rendendo perfettamente solido ogni metro di transenna.<br \/>\nAltra novit\u00e0 del Monza Rally Show per transenne.net \u00e8 stato il debutto di\u00a0<strong>Spazio MP Trash<\/strong>, ovvero la medesima transenna Spazio MPromo con annesso lo speciale accessorio che la trasforma, in pochi secondi, in un cestino per l&#8217;immondizia e la raccolta differenziata. L&#8217;accessorio consiste in una particolare struttura metallica zincata che ingloba quattro anelli, ai quali \u00e8 facilmente applicabile il sacchetto dell&#8217;immondizia. I sacchetti, una volta pieni, sono facilmente prelevabili in quanto la transenna permette l&#8217;apertura di un lato come fosse uno sportello e dal quale \u00e8 possibile prendere i sacchetti pieni e sostituirli in tutta comodit\u00e0.<\/p>\n","protected":false},"excerpt":{"rendered":"<p>Transenne.net\u00a0protagonista a Monza in occasione del Monza Rally Show.<\/p>\n","protected":false},"featured_media":557,"parent":0,"menu_order":117,"template":"","categories":[37],"tags":[],"class_list":["post-479","notizia","type-notizia","status-publish","has-post-thumbnail","hentry","category-news"],"acf":[],"yoast_head":"<!-- This site is optimized with the Yoast SEO plugin v27.3 - https:\/\/yoast.com\/product\/yoast-seo-wordpress\/ -->\n<title>Transenne.net con A-Style Team al Rally di Monza - Transenne.net<\/title>\n<meta name=\"robots\" content=\"index, follow, max-snippet:-1, max-image-preview:large, max-video-preview:-1\" \/>\n<link rel=\"canonical\" href=\"https:\/\/www.transenne.net\/it\/blog\/69-transennenet-con-a-style-team-al-rally-di-monza\/\" \/>\n<meta property=\"og:locale\" content=\"it_IT\" \/>\n<meta property=\"og:type\" content=\"article\" \/>\n<meta property=\"og:title\" content=\"Transenne.net con A-Style Team al Rally di Monza - Transenne.net\" \/>\n<meta property=\"og:description\" content=\"Transenne.net\u00a0protagonista a Monza in occasione del Monza Rally Show.\" \/>\n<meta property=\"og:url\" content=\"https:\/\/www.transenne.net\/it\/blog\/69-transennenet-con-a-style-team-al-rally-di-monza\/\" \/>\n<meta property=\"og:site_name\" content=\"Transenne.net\" \/>\n<meta property=\"article:modified_time\" content=\"2022-04-15T14:32:01+00:00\" \/>\n<meta property=\"og:image\" content=\"https:\/\/www.transenne.net\/wp-content\/uploads\/2022\/04\/transenne_rally_monza.jpg\" \/>\n\t<meta property=\"og:image:width\" content=\"250\" \/>\n\t<meta property=\"og:image:height\" content=\"150\" \/>\n\t<meta property=\"og:image:type\" content=\"image\/jpeg\" \/>\n<meta name=\"twitter:card\" content=\"summary_large_image\" \/>\n<meta name=\"twitter:label1\" content=\"Tempo di lettura stimato\" \/>\n\t<meta name=\"twitter:data1\" content=\"2 minuti\" \/>\n<!-- \/ Yoast SEO plugin. -->","yoast_head_json":{"title":"Transenne.net con A-Style Team al Rally di Monza - Transenne.net","robots":{"index":"index","follow":"follow","max-snippet":"max-snippet:-1","max-image-preview":"max-image-preview:large","max-video-preview":"max-video-preview:-1"},"canonical":"https:\/\/www.transenne.net\/it\/blog\/69-transennenet-con-a-style-team-al-rally-di-monza\/","og_locale":"it_IT","og_type":"article","og_title":"Transenne.net con A-Style Team al Rally di Monza - Transenne.net","og_description":"Transenne.net\u00a0protagonista a Monza in occasione del Monza Rally Show.","og_url":"https:\/\/www.transenne.net\/it\/blog\/69-transennenet-con-a-style-team-al-rally-di-monza\/","og_site_name":"Transenne.net","article_modified_time":"2022-04-15T14:32:01+00:00","og_image":[{"width":250,"height":150,"url":"https:\/\/www.transenne.net\/wp-content\/uploads\/2022\/04\/transenne_rally_monza.jpg","type":"image\/jpeg"}],"twitter_card":"summary_large_image","twitter_misc":{"Tempo di lettura stimato":"2 minuti"},"schema":{"@context":"https:\/\/schema.org","@graph":[{"@type":"WebPage","@id":"https:\/\/www.transenne.net\/it\/blog\/69-transennenet-con-a-style-team-al-rally-di-monza\/","url":"https:\/\/www.transenne.net\/it\/blog\/69-transennenet-con-a-style-team-al-rally-di-monza\/","name":"Transenne.net con A-Style Team al Rally di Monza - Transenne.net","isPartOf":{"@id":"https:\/\/www.transenne.net\/it\/#website"},"primaryImageOfPage":{"@id":"https:\/\/www.transenne.net\/it\/blog\/69-transennenet-con-a-style-team-al-rally-di-monza\/#primaryimage"},"image":{"@id":"https:\/\/www.transenne.net\/it\/blog\/69-transennenet-con-a-style-team-al-rally-di-monza\/#primaryimage"},"thumbnailUrl":"https:\/\/www.transenne.net\/wp-content\/uploads\/2022\/04\/transenne_rally_monza.jpg","datePublished":"2022-04-14T20:31:40+00:00","dateModified":"2022-04-15T14:32:01+00:00","breadcrumb":{"@id":"https:\/\/www.transenne.net\/it\/blog\/69-transennenet-con-a-style-team-al-rally-di-monza\/#breadcrumb"},"inLanguage":"it-IT","potentialAction":[{"@type":"ReadAction","target":["https:\/\/www.transenne.net\/it\/blog\/69-transennenet-con-a-style-team-al-rally-di-monza\/"]}]},{"@type":"ImageObject","inLanguage":"it-IT","@id":"https:\/\/www.transenne.net\/it\/blog\/69-transennenet-con-a-style-team-al-rally-di-monza\/#primaryimage","url":"https:\/\/www.transenne.net\/wp-content\/uploads\/2022\/04\/transenne_rally_monza.jpg","contentUrl":"https:\/\/www.transenne.net\/wp-content\/uploads\/2022\/04\/transenne_rally_monza.jpg","width":250,"height":150},{"@type":"BreadcrumbList","@id":"https:\/\/www.transenne.net\/it\/blog\/69-transennenet-con-a-style-team-al-rally-di-monza\/#breadcrumb","itemListElement":[{"@type":"ListItem","position":1,"name":"Home","item":"https:\/\/www.transenne.net\/it\/"},{"@type":"ListItem","position":2,"name":"Transenne.net con A-Style Team al Rally di Monza"}]},{"@type":"WebSite","@id":"https:\/\/www.transenne.net\/it\/#website","url":"https:\/\/www.transenne.net\/it\/","name":"Transenne.net","description":"","publisher":{"@id":"https:\/\/www.transenne.net\/it\/#organization"},"potentialAction":[{"@type":"SearchAction","target":{"@type":"EntryPoint","urlTemplate":"https:\/\/www.transenne.net\/it\/?s={search_term_string}"},"query-input":{"@type":"PropertyValueSpecification","valueRequired":true,"valueName":"search_term_string"}}],"inLanguage":"it-IT"},{"@type":"Organization","@id":"https:\/\/www.transenne.net\/it\/#organization","name":"Transenne.net","url":"https:\/\/www.transenne.net\/it\/","logo":{"@type":"ImageObject","inLanguage":"it-IT","@id":"https:\/\/www.transenne.net\/it\/#\/schema\/logo\/image\/","url":"https:\/\/www.transenne.net\/wp-content\/uploads\/2022\/05\/logo_transenne-1.png","contentUrl":"https:\/\/www.transenne.net\/wp-content\/uploads\/2022\/05\/logo_transenne-1.png","width":1536,"height":186,"caption":"Transenne.net"},"image":{"@id":"https:\/\/www.transenne.net\/it\/#\/schema\/logo\/image\/"}}]}},"_links":{"self":[{"href":"https:\/\/www.transenne.net\/it\/wp-json\/wp\/v2\/notizia\/479","targetHints":{"allow":["GET"]}}],"collection":[{"href":"https:\/\/www.transenne.net\/it\/wp-json\/wp\/v2\/notizia"}],"about":[{"href":"https:\/\/www.transenne.net\/it\/wp-json\/wp\/v2\/types\/notizia"}],"wp:featuredmedia":[{"embeddable":true,"href":"https:\/\/www.transenne.net\/it\/wp-json\/wp\/v2\/media\/557"}],"wp:attachment":[{"href":"https:\/\/www.transenne.net\/it\/wp-json\/wp\/v2\/media?parent=479"}],"wp:term":[{"taxonomy":"category","embeddable":true,"href":"https:\/\/www.transenne.net\/it\/wp-json\/wp\/v2\/categories?post=479"},{"taxonomy":"post_tag","embeddable":true,"href":"https:\/\/www.transenne.net\/it\/wp-json\/wp\/v2\/tags?post=479"}],"curies":[{"name":"wp","href":"https:\/\/api.w.org\/{rel}","templated":true}]}}