{"id":4956,"date":"2022-04-14T23:08:13","date_gmt":"2022-04-14T21:08:13","guid":{"rendered":"https:\/\/www.transenne.net\/blog\/115-sagra-redentore-nuoro-2015\/"},"modified":"2022-04-14T23:08:13","modified_gmt":"2022-04-14T21:08:13","slug":"115-sagra-redentore-nuoro-2015","status":"publish","type":"notizia","link":"https:\/\/www.transenne.net\/de\/blog\/115-sagra-redentore-nuoro-2015\/","title":{"rendered":"115. Sagra Redentore Nuoro 2015"},"content":{"rendered":"<p>Sagra del Redentore: f\u00fcr Nuoro und f\u00fcr Sardinien stellt es ein wichtiges Ereignis f\u00fcr Aspekte dar, die mit der Spiritualit\u00e4t des Jubil\u00e4ums, einem Gef\u00fchl der Zugeh\u00f6rigkeit und der Selbsterkenntnis f\u00fcr die B\u00fcrger und Sarden im Allgemeinen zusammenh\u00e4ngen; starke Anziehungskraft f\u00fcr Auswanderer und touristische Referenz der Veranstaltung, jetzt ist die Veranstaltung das gr\u00f6\u00dfte Sommerfestival in Sardinien geworden. Das Motto der Veranstaltung lautet &#8222;Die Zukunft der Traditionen&#8220;. Begleitet von einer majest\u00e4tischen Parade der traditionellen Kost\u00fcme Sardiniens (etwa 3000 Teilnehmer), stellen die \u00fcber hundert Frauen in Kost\u00fcmen und die Parade der Ritter (\u00fcber 300) mit dem Regionalen Festival der Volkstraditionen ein Ereignis dar, das Tausende von Besuchern anzieht, die jedes Jahr von den Farben, D\u00fcften, Freuden, Musik und der Vielfalt der Kost\u00fcme begeistert sind. Angereichert mit Veranstaltungen und Veranstaltungen, die in der Lage sind, jeden Aspekt des Wertes des sardischen Territoriums zu verbessern. Transenne.net, mit Spazio Mp2, ausgew\u00e4hlt f\u00fcr die Eleganz, die die mehr als 2 km lange Schlange von Menschen im Zentrum der Veranstaltung ausgezeichnet hat. Eleganz also, aber auch Sicherheit und gro\u00dfe Duktilit\u00e4t. Ein gro\u00dfer Applaus geht auch an die Allestire Show, den einzigen H\u00e4ndler f\u00fcr Sardinien.<\/p>\n","protected":false},"excerpt":{"rendered":"<p>In seiner 3. Ausgabe ist der Monza Power Run zu einem Kult und einem wichtigen Ereignis im Panorama des lombardischen Solidarit\u00e4tssports geworden.<\/p>\n","protected":false},"featured_media":2514,"parent":0,"menu_order":307,"template":"","categories":[60],"tags":[],"class_list":["post-4956","notizia","type-notizia","status-publish","has-post-thumbnail","hentry","category-nachrichten"],"acf":[],"yoast_head":"<!-- This site is optimized with the Yoast SEO plugin v27.3 - https:\/\/yoast.com\/product\/yoast-seo-wordpress\/ -->\n<title>115. Sagra Redentore Nuoro 2015 - Transenne.net<\/title>\n<meta name=\"robots\" content=\"index, follow, max-snippet:-1, max-image-preview:large, max-video-preview:-1\" \/>\n<link rel=\"canonical\" href=\"https:\/\/www.transenne.net\/de\/blog\/115-sagra-redentore-nuoro-2015\/\" \/>\n<meta property=\"og:locale\" content=\"de_DE\" \/>\n<meta property=\"og:type\" content=\"article\" \/>\n<meta property=\"og:title\" content=\"115. Sagra Redentore Nuoro 2015 - Transenne.net\" \/>\n<meta property=\"og:description\" content=\"In seiner 3. Ausgabe ist der Monza Power Run zu einem Kult und einem wichtigen Ereignis im Panorama des lombardischen Solidarit\u00e4tssports geworden.\" \/>\n<meta property=\"og:url\" content=\"https:\/\/www.transenne.net\/de\/blog\/115-sagra-redentore-nuoro-2015\/\" \/>\n<meta property=\"og:site_name\" content=\"Transenne.net\" \/>\n<meta property=\"og:image\" content=\"https:\/\/www.transenne.net\/wp-content\/uploads\/2022\/04\/jwsigpro_cache_3bbbeaa921_transenne_sardegna_nuoro_08_2015_9.jpg\" \/>\n\t<meta property=\"og:image:width\" content=\"387\" \/>\n\t<meta property=\"og:image:height\" content=\"290\" \/>\n\t<meta property=\"og:image:type\" content=\"image\/jpeg\" \/>\n<meta name=\"twitter:card\" content=\"summary_large_image\" \/>\n<meta name=\"twitter:label1\" content=\"Gesch\u00e4tzte Lesezeit\" \/>\n\t<meta name=\"twitter:data1\" content=\"1\u00a0Minute\" \/>\n<!-- \/ Yoast SEO plugin. -->","yoast_head_json":{"title":"115. Sagra Redentore Nuoro 2015 - Transenne.net","robots":{"index":"index","follow":"follow","max-snippet":"max-snippet:-1","max-image-preview":"max-image-preview:large","max-video-preview":"max-video-preview:-1"},"canonical":"https:\/\/www.transenne.net\/de\/blog\/115-sagra-redentore-nuoro-2015\/","og_locale":"de_DE","og_type":"article","og_title":"115. Sagra Redentore Nuoro 2015 - Transenne.net","og_description":"In seiner 3. Ausgabe ist der Monza Power Run zu einem Kult und einem wichtigen Ereignis im Panorama des lombardischen Solidarit\u00e4tssports geworden.","og_url":"https:\/\/www.transenne.net\/de\/blog\/115-sagra-redentore-nuoro-2015\/","og_site_name":"Transenne.net","og_image":[{"width":387,"height":290,"url":"https:\/\/www.transenne.net\/wp-content\/uploads\/2022\/04\/jwsigpro_cache_3bbbeaa921_transenne_sardegna_nuoro_08_2015_9.jpg","type":"image\/jpeg"}],"twitter_card":"summary_large_image","twitter_misc":{"Gesch\u00e4tzte Lesezeit":"1\u00a0Minute"},"schema":{"@context":"https:\/\/schema.org","@graph":[{"@type":"WebPage","@id":"https:\/\/www.transenne.net\/de\/blog\/115-sagra-redentore-nuoro-2015\/","url":"https:\/\/www.transenne.net\/de\/blog\/115-sagra-redentore-nuoro-2015\/","name":"115. Sagra Redentore Nuoro 2015 - Transenne.net","isPartOf":{"@id":"https:\/\/www.transenne.net\/de\/#website"},"primaryImageOfPage":{"@id":"https:\/\/www.transenne.net\/de\/blog\/115-sagra-redentore-nuoro-2015\/#primaryimage"},"image":{"@id":"https:\/\/www.transenne.net\/de\/blog\/115-sagra-redentore-nuoro-2015\/#primaryimage"},"thumbnailUrl":"https:\/\/www.transenne.net\/wp-content\/uploads\/2022\/04\/jwsigpro_cache_3bbbeaa921_transenne_sardegna_nuoro_08_2015_9.jpg","datePublished":"2022-04-14T21:08:13+00:00","breadcrumb":{"@id":"https:\/\/www.transenne.net\/de\/blog\/115-sagra-redentore-nuoro-2015\/#breadcrumb"},"inLanguage":"de","potentialAction":[{"@type":"ReadAction","target":["https:\/\/www.transenne.net\/de\/blog\/115-sagra-redentore-nuoro-2015\/"]}]},{"@type":"ImageObject","inLanguage":"de","@id":"https:\/\/www.transenne.net\/de\/blog\/115-sagra-redentore-nuoro-2015\/#primaryimage","url":"https:\/\/www.transenne.net\/wp-content\/uploads\/2022\/04\/jwsigpro_cache_3bbbeaa921_transenne_sardegna_nuoro_08_2015_9.jpg","contentUrl":"https:\/\/www.transenne.net\/wp-content\/uploads\/2022\/04\/jwsigpro_cache_3bbbeaa921_transenne_sardegna_nuoro_08_2015_9.jpg","width":387,"height":290},{"@type":"BreadcrumbList","@id":"https:\/\/www.transenne.net\/de\/blog\/115-sagra-redentore-nuoro-2015\/#breadcrumb","itemListElement":[{"@type":"ListItem","position":1,"name":"Home","item":"https:\/\/www.transenne.net\/de\/"},{"@type":"ListItem","position":2,"name":"115. Sagra Redentore Nuoro 2015"}]},{"@type":"WebSite","@id":"https:\/\/www.transenne.net\/de\/#website","url":"https:\/\/www.transenne.net\/de\/","name":"Transenne.net","description":"","publisher":{"@id":"https:\/\/www.transenne.net\/de\/#organization"},"potentialAction":[{"@type":"SearchAction","target":{"@type":"EntryPoint","urlTemplate":"https:\/\/www.transenne.net\/de\/?s={search_term_string}"},"query-input":{"@type":"PropertyValueSpecification","valueRequired":true,"valueName":"search_term_string"}}],"inLanguage":"de"},{"@type":"Organization","@id":"https:\/\/www.transenne.net\/de\/#organization","name":"Transenne.net","url":"https:\/\/www.transenne.net\/de\/","logo":{"@type":"ImageObject","inLanguage":"de","@id":"https:\/\/www.transenne.net\/de\/#\/schema\/logo\/image\/","url":"https:\/\/www.transenne.net\/wp-content\/uploads\/2022\/05\/logo_transenne-1.png","contentUrl":"https:\/\/www.transenne.net\/wp-content\/uploads\/2022\/05\/logo_transenne-1.png","width":1536,"height":186,"caption":"Transenne.net"},"image":{"@id":"https:\/\/www.transenne.net\/de\/#\/schema\/logo\/image\/"}}]}},"_links":{"self":[{"href":"https:\/\/www.transenne.net\/de\/wp-json\/wp\/v2\/notizia\/4956","targetHints":{"allow":["GET"]}}],"collection":[{"href":"https:\/\/www.transenne.net\/de\/wp-json\/wp\/v2\/notizia"}],"about":[{"href":"https:\/\/www.transenne.net\/de\/wp-json\/wp\/v2\/types\/notizia"}],"wp:featuredmedia":[{"embeddable":true,"href":"https:\/\/www.transenne.net\/de\/wp-json\/wp\/v2\/media\/2514"}],"wp:attachment":[{"href":"https:\/\/www.transenne.net\/de\/wp-json\/wp\/v2\/media?parent=4956"}],"wp:term":[{"taxonomy":"category","embeddable":true,"href":"https:\/\/www.transenne.net\/de\/wp-json\/wp\/v2\/categories?post=4956"},{"taxonomy":"post_tag","embeddable":true,"href":"https:\/\/www.transenne.net\/de\/wp-json\/wp\/v2\/tags?post=4956"}],"curies":[{"name":"wp","href":"https:\/\/api.w.org\/{rel}","templated":true}]}}