{"id":4872,"date":"2022-04-15T15:46:47","date_gmt":"2022-04-15T13:46:47","guid":{"rendered":"https:\/\/www.transenne.net\/blog\/associazione-amiamo-limbiate-4-ausgabe-der-fattoria-auf-der-piazza-2016\/"},"modified":"2022-04-15T15:46:47","modified_gmt":"2022-04-15T13:46:47","slug":"associazione-amiamo-limbiate-4-ausgabe-der-fattoria-auf-der-piazza-2016","status":"publish","type":"notizia","link":"https:\/\/www.transenne.net\/de\/blog\/associazione-amiamo-limbiate-4-ausgabe-der-fattoria-auf-der-piazza-2016\/","title":{"rendered":"Associazione Amiamo Limbiate &#8211; 4. Ausgabe der Fattoria auf der Piazza 2016"},"content":{"rendered":"<p>Jetzt in seiner 4. Ausgabe, Fattoria In Piazza, in der Gemeinde Limbiate (MB). Eine konsolidierte Kombination aus Street Food und 3 Tagen zu Pferd. Gesunder Spa\u00df, Sport und gutes Essen. Eine perfekte Alchemie, um den Sommer in Sch\u00f6nheit mit den 3 Tagen Limbitese auf die beste Weise abzuschlie\u00dfen, jetzt in die &#8222;Tradition&#8220; Brianza eingetreten. Was, wenn nicht, wir sehen uns n\u00e4chstes Jahr in der 5. Fattoria In Piazza 2017?<\/p>\n<p>Bleiben Sie dran #Transennet #TransenneSpazioMp2 #SpazioMp2 #FattoriaInPiazza2016 #AmiamoLimbiate<\/p>\n","protected":false},"excerpt":{"rendered":"<p>Mehr als 700 Athleten registrierten x laufen 2 mal auf einem 5 km Ring im historischen Zentrum von Monza ab 21:00 Uhr am 14.05.2016.<\/p>\n","protected":false},"featured_media":3014,"parent":0,"menu_order":261,"template":"","categories":[60],"tags":[],"class_list":["post-4872","notizia","type-notizia","status-publish","has-post-thumbnail","hentry","category-nachrichten"],"acf":[],"yoast_head":"<!-- This site is optimized with the Yoast SEO plugin v27.3 - https:\/\/yoast.com\/product\/yoast-seo-wordpress\/ -->\n<title>Associazione Amiamo Limbiate - 4. Ausgabe der Fattoria auf der Piazza 2016 - Transenne.net<\/title>\n<meta name=\"robots\" content=\"index, follow, max-snippet:-1, max-image-preview:large, max-video-preview:-1\" \/>\n<link rel=\"canonical\" href=\"https:\/\/www.transenne.net\/de\/blog\/associazione-amiamo-limbiate-4-ausgabe-der-fattoria-auf-der-piazza-2016\/\" \/>\n<meta property=\"og:locale\" content=\"de_DE\" \/>\n<meta property=\"og:type\" content=\"article\" \/>\n<meta property=\"og:title\" content=\"Associazione Amiamo Limbiate - 4. Ausgabe der Fattoria auf der Piazza 2016 - Transenne.net\" \/>\n<meta property=\"og:description\" content=\"Mehr als 700 Athleten registrierten x laufen 2 mal auf einem 5 km Ring im historischen Zentrum von Monza ab 21:00 Uhr am 14.05.2016.\" \/>\n<meta property=\"og:url\" content=\"https:\/\/www.transenne.net\/de\/blog\/associazione-amiamo-limbiate-4-ausgabe-der-fattoria-auf-der-piazza-2016\/\" \/>\n<meta property=\"og:site_name\" content=\"Transenne.net\" \/>\n<meta property=\"og:image\" content=\"https:\/\/www.transenne.net\/wp-content\/uploads\/2022\/04\/57fb410e1f31ctz_portfolio_1476083982-162_XL.jpg\" \/>\n\t<meta property=\"og:image:width\" content=\"1200\" \/>\n\t<meta property=\"og:image:height\" content=\"800\" \/>\n\t<meta property=\"og:image:type\" content=\"image\/jpeg\" \/>\n<meta name=\"twitter:card\" content=\"summary_large_image\" \/>\n<!-- \/ Yoast SEO plugin. -->","yoast_head_json":{"title":"Associazione Amiamo Limbiate - 4. Ausgabe der Fattoria auf der Piazza 2016 - Transenne.net","robots":{"index":"index","follow":"follow","max-snippet":"max-snippet:-1","max-image-preview":"max-image-preview:large","max-video-preview":"max-video-preview:-1"},"canonical":"https:\/\/www.transenne.net\/de\/blog\/associazione-amiamo-limbiate-4-ausgabe-der-fattoria-auf-der-piazza-2016\/","og_locale":"de_DE","og_type":"article","og_title":"Associazione Amiamo Limbiate - 4. Ausgabe der Fattoria auf der Piazza 2016 - Transenne.net","og_description":"Mehr als 700 Athleten registrierten x laufen 2 mal auf einem 5 km Ring im historischen Zentrum von Monza ab 21:00 Uhr am 14.05.2016.","og_url":"https:\/\/www.transenne.net\/de\/blog\/associazione-amiamo-limbiate-4-ausgabe-der-fattoria-auf-der-piazza-2016\/","og_site_name":"Transenne.net","og_image":[{"width":1200,"height":800,"url":"https:\/\/www.transenne.net\/wp-content\/uploads\/2022\/04\/57fb410e1f31ctz_portfolio_1476083982-162_XL.jpg","type":"image\/jpeg"}],"twitter_card":"summary_large_image","schema":{"@context":"https:\/\/schema.org","@graph":[{"@type":"WebPage","@id":"https:\/\/www.transenne.net\/de\/blog\/associazione-amiamo-limbiate-4-ausgabe-der-fattoria-auf-der-piazza-2016\/","url":"https:\/\/www.transenne.net\/de\/blog\/associazione-amiamo-limbiate-4-ausgabe-der-fattoria-auf-der-piazza-2016\/","name":"Associazione Amiamo Limbiate - 4. Ausgabe der Fattoria auf der Piazza 2016 - Transenne.net","isPartOf":{"@id":"https:\/\/www.transenne.net\/de\/#website"},"primaryImageOfPage":{"@id":"https:\/\/www.transenne.net\/de\/blog\/associazione-amiamo-limbiate-4-ausgabe-der-fattoria-auf-der-piazza-2016\/#primaryimage"},"image":{"@id":"https:\/\/www.transenne.net\/de\/blog\/associazione-amiamo-limbiate-4-ausgabe-der-fattoria-auf-der-piazza-2016\/#primaryimage"},"thumbnailUrl":"https:\/\/www.transenne.net\/wp-content\/uploads\/2022\/04\/57fb410e1f31ctz_portfolio_1476083982-162_XL.jpg","datePublished":"2022-04-15T13:46:47+00:00","breadcrumb":{"@id":"https:\/\/www.transenne.net\/de\/blog\/associazione-amiamo-limbiate-4-ausgabe-der-fattoria-auf-der-piazza-2016\/#breadcrumb"},"inLanguage":"de","potentialAction":[{"@type":"ReadAction","target":["https:\/\/www.transenne.net\/de\/blog\/associazione-amiamo-limbiate-4-ausgabe-der-fattoria-auf-der-piazza-2016\/"]}]},{"@type":"ImageObject","inLanguage":"de","@id":"https:\/\/www.transenne.net\/de\/blog\/associazione-amiamo-limbiate-4-ausgabe-der-fattoria-auf-der-piazza-2016\/#primaryimage","url":"https:\/\/www.transenne.net\/wp-content\/uploads\/2022\/04\/57fb410e1f31ctz_portfolio_1476083982-162_XL.jpg","contentUrl":"https:\/\/www.transenne.net\/wp-content\/uploads\/2022\/04\/57fb410e1f31ctz_portfolio_1476083982-162_XL.jpg","width":1200,"height":800},{"@type":"BreadcrumbList","@id":"https:\/\/www.transenne.net\/de\/blog\/associazione-amiamo-limbiate-4-ausgabe-der-fattoria-auf-der-piazza-2016\/#breadcrumb","itemListElement":[{"@type":"ListItem","position":1,"name":"Home","item":"https:\/\/www.transenne.net\/de\/"},{"@type":"ListItem","position":2,"name":"Associazione Amiamo Limbiate &#8211; 4. Ausgabe der Fattoria auf der Piazza 2016"}]},{"@type":"WebSite","@id":"https:\/\/www.transenne.net\/de\/#website","url":"https:\/\/www.transenne.net\/de\/","name":"Transenne.net","description":"","publisher":{"@id":"https:\/\/www.transenne.net\/de\/#organization"},"potentialAction":[{"@type":"SearchAction","target":{"@type":"EntryPoint","urlTemplate":"https:\/\/www.transenne.net\/de\/?s={search_term_string}"},"query-input":{"@type":"PropertyValueSpecification","valueRequired":true,"valueName":"search_term_string"}}],"inLanguage":"de"},{"@type":"Organization","@id":"https:\/\/www.transenne.net\/de\/#organization","name":"Transenne.net","url":"https:\/\/www.transenne.net\/de\/","logo":{"@type":"ImageObject","inLanguage":"de","@id":"https:\/\/www.transenne.net\/de\/#\/schema\/logo\/image\/","url":"https:\/\/www.transenne.net\/wp-content\/uploads\/2022\/05\/logo_transenne-1.png","contentUrl":"https:\/\/www.transenne.net\/wp-content\/uploads\/2022\/05\/logo_transenne-1.png","width":1536,"height":186,"caption":"Transenne.net"},"image":{"@id":"https:\/\/www.transenne.net\/de\/#\/schema\/logo\/image\/"}}]}},"_links":{"self":[{"href":"https:\/\/www.transenne.net\/de\/wp-json\/wp\/v2\/notizia\/4872","targetHints":{"allow":["GET"]}}],"collection":[{"href":"https:\/\/www.transenne.net\/de\/wp-json\/wp\/v2\/notizia"}],"about":[{"href":"https:\/\/www.transenne.net\/de\/wp-json\/wp\/v2\/types\/notizia"}],"wp:featuredmedia":[{"embeddable":true,"href":"https:\/\/www.transenne.net\/de\/wp-json\/wp\/v2\/media\/3014"}],"wp:attachment":[{"href":"https:\/\/www.transenne.net\/de\/wp-json\/wp\/v2\/media?parent=4872"}],"wp:term":[{"taxonomy":"category","embeddable":true,"href":"https:\/\/www.transenne.net\/de\/wp-json\/wp\/v2\/categories?post=4872"},{"taxonomy":"post_tag","embeddable":true,"href":"https:\/\/www.transenne.net\/de\/wp-json\/wp\/v2\/tags?post=4872"}],"curies":[{"name":"wp","href":"https:\/\/api.w.org\/{rel}","templated":true}]}}