{"id":4858,"date":"2022-04-15T18:31:03","date_gmt":"2022-04-15T16:31:03","guid":{"rendered":"https:\/\/www.transenne.net\/blog\/10-vw-haelfte-von-lecco\/"},"modified":"2022-04-15T18:31:03","modified_gmt":"2022-04-15T16:31:03","slug":"10-vw-haelfte-von-lecco","status":"publish","type":"notizia","link":"https:\/\/www.transenne.net\/de\/blog\/10-vw-haelfte-von-lecco\/","title":{"rendered":"10. VW H\u00e4lfte von Lecco"},"content":{"rendered":"<p>Am Sonntag um 9.30 Uhr waren 1200 Athleten am Start des zehnten Lecco-Marathons, von denen sich \u00fcber 850 f\u00fcr den Stadthalbmarathon (21 km) und der Rest f\u00fcr das Werberennen (10 km) und den Familienlauf (1,5 km) entschieden.<\/p>\n<p>Eine in jeder Hinsicht sehr gelungene Veranstaltung, angefangen von einem aus Wettersicht sch\u00f6nen Tag bis hin zur wundersch\u00f6nen Kulisse der Stadt und des Sees, hat diese 10. Ausgabe zu einem Bezugspunkt f\u00fcr viele Athleten gemacht, um neue pers\u00f6nliche Rekorde aufzustellen. Unter den Teilnehmern, und auch der Gesamtsieger des Rennens, ist der italienische Juniorenmeister 2016 Ahmed Ouhda, der von Anfang an die Gruppe mit sehr wenigen gew\u00e4hlten Distanzen deutlich distanziert, die dann hinter ihm ankommen werden.<\/p>\n<p>&nbsp;<\/p>\n<h2><em><strong>Dienst:<\/strong> Vermietung, Transport und Verlegung<\/em><\/h2>\n<p>Bleiben Sie dran #Transennet #TransenneSpazioMp2 #SpazioMp2 #lungolagolecco #10VWHalfMarathonLecco #MaratoninaLecco #AutocogliatiMarathon #21kLecco #10KLecco #SpartacusEvents #<\/p>\n<p>&nbsp;<\/p>\n","protected":false},"excerpt":{"rendered":"<p>Mehr als 700 Athleten registrierten x laufen 2 mal auf einem 5 km Ring im historischen Zentrum von Monza ab 21:00 Uhr am 14.05.2016.<\/p>\n","protected":false},"featured_media":3236,"parent":0,"menu_order":226,"template":"","categories":[60],"tags":[],"class_list":["post-4858","notizia","type-notizia","status-publish","has-post-thumbnail","hentry","category-nachrichten"],"acf":[],"yoast_head":"<!-- This site is optimized with the Yoast SEO plugin v27.3 - https:\/\/yoast.com\/product\/yoast-seo-wordpress\/ -->\n<title>10. VW H\u00e4lfte von Lecco - Transenne.net<\/title>\n<meta name=\"robots\" content=\"index, follow, max-snippet:-1, max-image-preview:large, max-video-preview:-1\" \/>\n<link rel=\"canonical\" href=\"https:\/\/www.transenne.net\/de\/blog\/10-vw-haelfte-von-lecco\/\" \/>\n<meta property=\"og:locale\" content=\"de_DE\" \/>\n<meta property=\"og:type\" content=\"article\" \/>\n<meta property=\"og:title\" content=\"10. VW H\u00e4lfte von Lecco - Transenne.net\" \/>\n<meta property=\"og:description\" content=\"Mehr als 700 Athleten registrierten x laufen 2 mal auf einem 5 km Ring im historischen Zentrum von Monza ab 21:00 Uhr am 14.05.2016.\" \/>\n<meta property=\"og:url\" content=\"https:\/\/www.transenne.net\/de\/blog\/10-vw-haelfte-von-lecco\/\" \/>\n<meta property=\"og:site_name\" content=\"Transenne.net\" \/>\n<meta property=\"og:image\" content=\"https:\/\/www.transenne.net\/wp-content\/uploads\/2022\/04\/10-vw-half-di-lecco-179_XL.jpg\" \/>\n\t<meta property=\"og:image:width\" content=\"1200\" \/>\n\t<meta property=\"og:image:height\" content=\"900\" \/>\n\t<meta property=\"og:image:type\" content=\"image\/jpeg\" \/>\n<meta name=\"twitter:card\" content=\"summary_large_image\" \/>\n<meta name=\"twitter:label1\" content=\"Gesch\u00e4tzte Lesezeit\" \/>\n\t<meta name=\"twitter:data1\" content=\"1\u00a0Minute\" \/>\n<!-- \/ Yoast SEO plugin. -->","yoast_head_json":{"title":"10. VW H\u00e4lfte von Lecco - Transenne.net","robots":{"index":"index","follow":"follow","max-snippet":"max-snippet:-1","max-image-preview":"max-image-preview:large","max-video-preview":"max-video-preview:-1"},"canonical":"https:\/\/www.transenne.net\/de\/blog\/10-vw-haelfte-von-lecco\/","og_locale":"de_DE","og_type":"article","og_title":"10. VW H\u00e4lfte von Lecco - Transenne.net","og_description":"Mehr als 700 Athleten registrierten x laufen 2 mal auf einem 5 km Ring im historischen Zentrum von Monza ab 21:00 Uhr am 14.05.2016.","og_url":"https:\/\/www.transenne.net\/de\/blog\/10-vw-haelfte-von-lecco\/","og_site_name":"Transenne.net","og_image":[{"width":1200,"height":900,"url":"https:\/\/www.transenne.net\/wp-content\/uploads\/2022\/04\/10-vw-half-di-lecco-179_XL.jpg","type":"image\/jpeg"}],"twitter_card":"summary_large_image","twitter_misc":{"Gesch\u00e4tzte Lesezeit":"1\u00a0Minute"},"schema":{"@context":"https:\/\/schema.org","@graph":[{"@type":"WebPage","@id":"https:\/\/www.transenne.net\/de\/blog\/10-vw-haelfte-von-lecco\/","url":"https:\/\/www.transenne.net\/de\/blog\/10-vw-haelfte-von-lecco\/","name":"10. VW H\u00e4lfte von Lecco - Transenne.net","isPartOf":{"@id":"https:\/\/www.transenne.net\/de\/#website"},"primaryImageOfPage":{"@id":"https:\/\/www.transenne.net\/de\/blog\/10-vw-haelfte-von-lecco\/#primaryimage"},"image":{"@id":"https:\/\/www.transenne.net\/de\/blog\/10-vw-haelfte-von-lecco\/#primaryimage"},"thumbnailUrl":"https:\/\/www.transenne.net\/wp-content\/uploads\/2022\/04\/10-vw-half-di-lecco-179_XL.jpg","datePublished":"2022-04-15T16:31:03+00:00","breadcrumb":{"@id":"https:\/\/www.transenne.net\/de\/blog\/10-vw-haelfte-von-lecco\/#breadcrumb"},"inLanguage":"de","potentialAction":[{"@type":"ReadAction","target":["https:\/\/www.transenne.net\/de\/blog\/10-vw-haelfte-von-lecco\/"]}]},{"@type":"ImageObject","inLanguage":"de","@id":"https:\/\/www.transenne.net\/de\/blog\/10-vw-haelfte-von-lecco\/#primaryimage","url":"https:\/\/www.transenne.net\/wp-content\/uploads\/2022\/04\/10-vw-half-di-lecco-179_XL.jpg","contentUrl":"https:\/\/www.transenne.net\/wp-content\/uploads\/2022\/04\/10-vw-half-di-lecco-179_XL.jpg","width":1200,"height":900},{"@type":"BreadcrumbList","@id":"https:\/\/www.transenne.net\/de\/blog\/10-vw-haelfte-von-lecco\/#breadcrumb","itemListElement":[{"@type":"ListItem","position":1,"name":"Home","item":"https:\/\/www.transenne.net\/de\/"},{"@type":"ListItem","position":2,"name":"10. VW H\u00e4lfte von Lecco"}]},{"@type":"WebSite","@id":"https:\/\/www.transenne.net\/de\/#website","url":"https:\/\/www.transenne.net\/de\/","name":"Transenne.net","description":"","publisher":{"@id":"https:\/\/www.transenne.net\/de\/#organization"},"potentialAction":[{"@type":"SearchAction","target":{"@type":"EntryPoint","urlTemplate":"https:\/\/www.transenne.net\/de\/?s={search_term_string}"},"query-input":{"@type":"PropertyValueSpecification","valueRequired":true,"valueName":"search_term_string"}}],"inLanguage":"de"},{"@type":"Organization","@id":"https:\/\/www.transenne.net\/de\/#organization","name":"Transenne.net","url":"https:\/\/www.transenne.net\/de\/","logo":{"@type":"ImageObject","inLanguage":"de","@id":"https:\/\/www.transenne.net\/de\/#\/schema\/logo\/image\/","url":"https:\/\/www.transenne.net\/wp-content\/uploads\/2022\/05\/logo_transenne-1.png","contentUrl":"https:\/\/www.transenne.net\/wp-content\/uploads\/2022\/05\/logo_transenne-1.png","width":1536,"height":186,"caption":"Transenne.net"},"image":{"@id":"https:\/\/www.transenne.net\/de\/#\/schema\/logo\/image\/"}}]}},"_links":{"self":[{"href":"https:\/\/www.transenne.net\/de\/wp-json\/wp\/v2\/notizia\/4858","targetHints":{"allow":["GET"]}}],"collection":[{"href":"https:\/\/www.transenne.net\/de\/wp-json\/wp\/v2\/notizia"}],"about":[{"href":"https:\/\/www.transenne.net\/de\/wp-json\/wp\/v2\/types\/notizia"}],"wp:featuredmedia":[{"embeddable":true,"href":"https:\/\/www.transenne.net\/de\/wp-json\/wp\/v2\/media\/3236"}],"wp:attachment":[{"href":"https:\/\/www.transenne.net\/de\/wp-json\/wp\/v2\/media?parent=4858"}],"wp:term":[{"taxonomy":"category","embeddable":true,"href":"https:\/\/www.transenne.net\/de\/wp-json\/wp\/v2\/categories?post=4858"},{"taxonomy":"post_tag","embeddable":true,"href":"https:\/\/www.transenne.net\/de\/wp-json\/wp\/v2\/tags?post=4858"}],"curies":[{"name":"wp","href":"https:\/\/api.w.org\/{rel}","templated":true}]}}