{"id":4790,"date":"2022-04-19T17:43:02","date_gmt":"2022-04-19T15:43:02","guid":{"rendered":"https:\/\/www.transenne.net\/blog\/elia-viviani-ein-cyclamen-treffen\/"},"modified":"2022-04-19T17:43:02","modified_gmt":"2022-04-19T15:43:02","slug":"elia-viviani-ein-cyclamen-treffen","status":"publish","type":"notizia","link":"https:\/\/www.transenne.net\/de\/blog\/elia-viviani-ein-cyclamen-treffen\/","title":{"rendered":"Elia Viviani: ein &#8222;CYCLAMEN&#8220;-Treffen"},"content":{"rendered":"<p>101. Giro Italia 2018 &#8211; 16. Etappe Trient Rovereto<\/p>\n<p>Wir sind es gewohnt, auf hohem Niveau zu arbeiten, mit respektablen Menschen und Veranstaltungen. Aber der Radfahrer Elia Viviani hat uns verdr\u00e4ngt: Jenseits der Emotionen, die durch seine olympische Leistung 2016 in Rio und durch die 4 Siege des Giro 2018, die ihm das prestigetr\u00e4chtige Cyclamen-Trikot einbrachten, \u00fcbertragen wurden, \u00fcberraschte er uns f\u00fcr die Einfachheit, Demut und Entschlossenheit des Athleten und des Mannes.<\/p>\n<p>In der Tat, wenn wir an einem &#8222;Rundenmorgen&#8220; seinen Anruf erhalten, nach einem ersten Schock, fast an einen Witz oder einen Fall von seltsamer &#8222;Homonymie&#8220; denkend, verstehen wir seine entschlossene Absicht, unsere Transenne.net Spazio MP Promo zu benutzen, um sein Wohnmobil abzugrenzen, und dann tun wir alles, um sie ihm in Rekordzeit auf der 16. Trento-Rovereto-Zeitfahretappe zu liefern.<\/p>\n<p>Wir f\u00fchlen uns wirklich geehrt, auf diese Weise zu seinem Wunsch beigetragen zu haben, sich pers\u00f6nlich mit Aufmerksamkeit und Leidenschaft um sein Image zu k\u00fcmmern, besonders w\u00e4hrend des kostbaren Moments der Begegnung mit den Fans, die sich am Ende jeder Etappe um ihn versammeln und Zuneigung und W\u00e4rme zeigen.<\/p>\n<p>Danke Elia!<\/p>\n<p>Auf unserer Facebook-Seite finden Sie weitere Bilder rund um die Veranstaltung. <a href=\"https:\/\/www.facebook.com\/transenne.net\/\">Folgen Sie uns<\/a>, bleiben Sie dran!<\/p>\n<p>#transennet #mppromo #comunicazione #eliaviviani #oro #olimpico #rio2016 #giro #italia #rovereto #trento #tappa #cronometro #gazzetta #rcs #sport #ciclismo #campione #zonasafe #interviste #fan #selfie #autografi #privacy #spaziovitale #ricevereospiti #motorhome #EV #Elia #Viviani #101Giro #GirodItalia #maglia #rosa #ciclamino<\/p>\n<p>&nbsp;<\/p>\n<p>&nbsp;<\/p>\n","protected":false},"excerpt":{"rendered":"<p>Mehr als 700 Athleten registrierten x laufen 2 mal auf einem 5 km Ring im historischen Zentrum von Monza ab 21:00 Uhr am 14.05.2016.<\/p>\n","protected":false},"featured_media":3886,"parent":0,"menu_order":136,"template":"","categories":[60],"tags":[],"class_list":["post-4790","notizia","type-notizia","status-publish","has-post-thumbnail","hentry","category-nachrichten"],"acf":[],"yoast_head":"<!-- This site is optimized with the Yoast SEO plugin v27.3 - https:\/\/yoast.com\/product\/yoast-seo-wordpress\/ -->\n<title>Elia Viviani: ein &quot;CYCLAMEN&quot;-Treffen - Transenne.net<\/title>\n<meta name=\"robots\" content=\"index, follow, max-snippet:-1, max-image-preview:large, max-video-preview:-1\" \/>\n<link rel=\"canonical\" href=\"https:\/\/www.transenne.net\/de\/blog\/elia-viviani-ein-cyclamen-treffen\/\" \/>\n<meta property=\"og:locale\" content=\"de_DE\" \/>\n<meta property=\"og:type\" content=\"article\" \/>\n<meta property=\"og:title\" content=\"Elia Viviani: ein &quot;CYCLAMEN&quot;-Treffen - Transenne.net\" \/>\n<meta property=\"og:description\" content=\"Mehr als 700 Athleten registrierten x laufen 2 mal auf einem 5 km Ring im historischen Zentrum von Monza ab 21:00 Uhr am 14.05.2016.\" \/>\n<meta property=\"og:url\" content=\"https:\/\/www.transenne.net\/de\/blog\/elia-viviani-ein-cyclamen-treffen\/\" \/>\n<meta property=\"og:site_name\" content=\"Transenne.net\" \/>\n<meta property=\"og:image\" content=\"https:\/\/www.transenne.net\/wp-content\/uploads\/2022\/04\/elia-viviani-un-incontro-ciclamino-257_XL.jpg\" \/>\n\t<meta property=\"og:image:width\" content=\"1200\" \/>\n\t<meta property=\"og:image:height\" content=\"1624\" \/>\n\t<meta property=\"og:image:type\" content=\"image\/jpeg\" \/>\n<meta name=\"twitter:card\" content=\"summary_large_image\" \/>\n<meta name=\"twitter:label1\" content=\"Gesch\u00e4tzte Lesezeit\" \/>\n\t<meta name=\"twitter:data1\" content=\"1\u00a0Minute\" \/>\n<!-- \/ Yoast SEO plugin. -->","yoast_head_json":{"title":"Elia Viviani: ein \"CYCLAMEN\"-Treffen - Transenne.net","robots":{"index":"index","follow":"follow","max-snippet":"max-snippet:-1","max-image-preview":"max-image-preview:large","max-video-preview":"max-video-preview:-1"},"canonical":"https:\/\/www.transenne.net\/de\/blog\/elia-viviani-ein-cyclamen-treffen\/","og_locale":"de_DE","og_type":"article","og_title":"Elia Viviani: ein \"CYCLAMEN\"-Treffen - Transenne.net","og_description":"Mehr als 700 Athleten registrierten x laufen 2 mal auf einem 5 km Ring im historischen Zentrum von Monza ab 21:00 Uhr am 14.05.2016.","og_url":"https:\/\/www.transenne.net\/de\/blog\/elia-viviani-ein-cyclamen-treffen\/","og_site_name":"Transenne.net","og_image":[{"width":1200,"height":1624,"url":"https:\/\/www.transenne.net\/wp-content\/uploads\/2022\/04\/elia-viviani-un-incontro-ciclamino-257_XL.jpg","type":"image\/jpeg"}],"twitter_card":"summary_large_image","twitter_misc":{"Gesch\u00e4tzte Lesezeit":"1\u00a0Minute"},"schema":{"@context":"https:\/\/schema.org","@graph":[{"@type":"WebPage","@id":"https:\/\/www.transenne.net\/de\/blog\/elia-viviani-ein-cyclamen-treffen\/","url":"https:\/\/www.transenne.net\/de\/blog\/elia-viviani-ein-cyclamen-treffen\/","name":"Elia Viviani: ein \"CYCLAMEN\"-Treffen - Transenne.net","isPartOf":{"@id":"https:\/\/www.transenne.net\/de\/#website"},"primaryImageOfPage":{"@id":"https:\/\/www.transenne.net\/de\/blog\/elia-viviani-ein-cyclamen-treffen\/#primaryimage"},"image":{"@id":"https:\/\/www.transenne.net\/de\/blog\/elia-viviani-ein-cyclamen-treffen\/#primaryimage"},"thumbnailUrl":"https:\/\/www.transenne.net\/wp-content\/uploads\/2022\/04\/elia-viviani-un-incontro-ciclamino-257_XL.jpg","datePublished":"2022-04-19T15:43:02+00:00","breadcrumb":{"@id":"https:\/\/www.transenne.net\/de\/blog\/elia-viviani-ein-cyclamen-treffen\/#breadcrumb"},"inLanguage":"de","potentialAction":[{"@type":"ReadAction","target":["https:\/\/www.transenne.net\/de\/blog\/elia-viviani-ein-cyclamen-treffen\/"]}]},{"@type":"ImageObject","inLanguage":"de","@id":"https:\/\/www.transenne.net\/de\/blog\/elia-viviani-ein-cyclamen-treffen\/#primaryimage","url":"https:\/\/www.transenne.net\/wp-content\/uploads\/2022\/04\/elia-viviani-un-incontro-ciclamino-257_XL.jpg","contentUrl":"https:\/\/www.transenne.net\/wp-content\/uploads\/2022\/04\/elia-viviani-un-incontro-ciclamino-257_XL.jpg","width":1200,"height":1624},{"@type":"BreadcrumbList","@id":"https:\/\/www.transenne.net\/de\/blog\/elia-viviani-ein-cyclamen-treffen\/#breadcrumb","itemListElement":[{"@type":"ListItem","position":1,"name":"Home","item":"https:\/\/www.transenne.net\/de\/"},{"@type":"ListItem","position":2,"name":"Elia Viviani: ein &#8222;CYCLAMEN&#8220;-Treffen"}]},{"@type":"WebSite","@id":"https:\/\/www.transenne.net\/de\/#website","url":"https:\/\/www.transenne.net\/de\/","name":"Transenne.net","description":"","publisher":{"@id":"https:\/\/www.transenne.net\/de\/#organization"},"potentialAction":[{"@type":"SearchAction","target":{"@type":"EntryPoint","urlTemplate":"https:\/\/www.transenne.net\/de\/?s={search_term_string}"},"query-input":{"@type":"PropertyValueSpecification","valueRequired":true,"valueName":"search_term_string"}}],"inLanguage":"de"},{"@type":"Organization","@id":"https:\/\/www.transenne.net\/de\/#organization","name":"Transenne.net","url":"https:\/\/www.transenne.net\/de\/","logo":{"@type":"ImageObject","inLanguage":"de","@id":"https:\/\/www.transenne.net\/de\/#\/schema\/logo\/image\/","url":"https:\/\/www.transenne.net\/wp-content\/uploads\/2022\/05\/logo_transenne-1.png","contentUrl":"https:\/\/www.transenne.net\/wp-content\/uploads\/2022\/05\/logo_transenne-1.png","width":1536,"height":186,"caption":"Transenne.net"},"image":{"@id":"https:\/\/www.transenne.net\/de\/#\/schema\/logo\/image\/"}}]}},"_links":{"self":[{"href":"https:\/\/www.transenne.net\/de\/wp-json\/wp\/v2\/notizia\/4790","targetHints":{"allow":["GET"]}}],"collection":[{"href":"https:\/\/www.transenne.net\/de\/wp-json\/wp\/v2\/notizia"}],"about":[{"href":"https:\/\/www.transenne.net\/de\/wp-json\/wp\/v2\/types\/notizia"}],"wp:featuredmedia":[{"embeddable":true,"href":"https:\/\/www.transenne.net\/de\/wp-json\/wp\/v2\/media\/3886"}],"wp:attachment":[{"href":"https:\/\/www.transenne.net\/de\/wp-json\/wp\/v2\/media?parent=4790"}],"wp:term":[{"taxonomy":"category","embeddable":true,"href":"https:\/\/www.transenne.net\/de\/wp-json\/wp\/v2\/categories?post=4790"},{"taxonomy":"post_tag","embeddable":true,"href":"https:\/\/www.transenne.net\/de\/wp-json\/wp\/v2\/tags?post=4790"}],"curies":[{"name":"wp","href":"https:\/\/api.w.org\/{rel}","templated":true}]}}