{"id":4703,"date":"2022-04-19T20:38:29","date_gmt":"2022-04-19T18:38:29","guid":{"rendered":"https:\/\/www.transenne.net\/blog\/uec-mtb-europameisterschaft-2021-pila-ao\/"},"modified":"2022-04-19T20:38:29","modified_gmt":"2022-04-19T18:38:29","slug":"uec-mtb-europameisterschaft-2021-pila-ao","status":"publish","type":"notizia","link":"https:\/\/www.transenne.net\/de\/blog\/uec-mtb-europameisterschaft-2021-pila-ao\/","title":{"rendered":"UEC &#8211; MTB-EUROPAMEISTERSCHAFT 2021 &#8211; Pila (AO)"},"content":{"rendered":"<div class=\"kvgmc6g5 cxmmr5t8 oygrvhab hcukyx3x c1et5uql ii04i59q\">Dank der Freunde von Pila Bike Planet, ihrer Hartn\u00e4ckigkeit und Leidenschaft fand vom <strong>28.06. bis 03.07.2021 in<\/strong> <strong>Pila<\/strong> (Aosta) die European Youth Mountain Bike Championship statt.<\/div>\n<div class=\"kvgmc6g5 cxmmr5t8 oygrvhab hcukyx3x c1et5uql ii04i59q\"><\/div>\n<div class=\"kvgmc6g5 cxmmr5t8 oygrvhab hcukyx3x c1et5uql ii04i59q\">Pila verwandelt sich in die ideale B\u00fchne, um die dritte kontinentale Ausgabe des Wettbewerbs zu veranstalten.<\/div>\n<div class=\"kvgmc6g5 cxmmr5t8 oygrvhab hcukyx3x c1et5uql ii04i59q\"><\/div>\n<div class=\"kvgmc6g5 cxmmr5t8 oygrvhab hcukyx3x c1et5uql ii04i59q\">Die Protagonisten sind die &#8222;gro\u00dfen R\u00e4der&#8220;, f\u00fcr die Europameisterschaft der Kategorien Anf\u00e4nger und Studenten.<br \/>\nEine Herausforderung, an der \u00fcber 600 Athleten aus 30 Nationen in der eindrucksvollen Umgebung von Pila teilnahmen und die dank der Organisation der<em><br \/>\n  <strong>European Cycling Union<\/strong><br \/>\n<\/em> in Zusammenarbeit mit der <strong> Pila Bike Planet<\/strong> und die  <strong>Der italienische Radsportverband<\/strong> und der wesentliche Beitrag der Abteilung f\u00fcr Kulturerbe, Tourismus, Sport und Handel der  <strong>Autonome Region Aostatal<\/strong>, des Regionalrats des Aostatals, der Gemeinden Gressan und Aosta und Pila Spa.<\/div>\n<div class=\"kvgmc6g5 cxmmr5t8 oygrvhab hcukyx3x c1et5uql ii04i59q\"><\/div>\n<div class=\"kvgmc6g5 cxmmr5t8 oygrvhab hcukyx3x c1et5uql ii04i59q\">Der Pr\u00e4sident des Organisationskomitees der Veranstaltung, <strong>Felice Piccolo<\/strong>, erkl\u00e4rte am Ende der Veranstaltung: &#8222;Zufrieden mit diesem Dreijahreszeitraum, jetzt blicken wir in die Zukunft&#8220;<br \/>\nMit der Ausgabe 2021 der European Youth Mountain Bike Championship in Pila (Aostatal) wird eine dreij\u00e4hrige Reise archiviert, eine Zeit, die von gro\u00dfer Arbeit gepr\u00e4gt ist, sowohl auf der Strecke, kuratiert von <strong>Paolo Pesse<\/strong>, als auch unter dem organisatorischen Aspekt. Ein Ausschuss, der Schritt f\u00fcr Schritt immer versucht hat, den vielen Mitgliedern und ihrer gesamten Umgebung das Maximum an allen Fronten zu gew\u00e4hrleisten: Logistik, Wettbewerbsseite und Gesundheitsaspekt, der die organisatorische Maschinerie noch nie so stark wie in diesem Jahr voll engagiert hat.<\/div>\n<div class=\"kvgmc6g5 cxmmr5t8 oygrvhab hcukyx3x c1et5uql ii04i59q\">Vielen Dank, dass Sie uns zu einem Teil Ihrer Organisation gemacht haben.<\/div>\n<div><\/div>\n<div class=\"o9v6fnle cxmmr5t8 oygrvhab hcukyx3x c1et5uql ii04i59q\">\n<div dir=\"auto\">Folgen Sie uns, bleiben Sie dran!<\/div>\n<div dir=\"auto\"><\/div>\n<div dir=\"auto\">#followthem #pilabikepark #pilabikeplanet #sport #mtb #europeanchampionship #uecmtb2021 #pila #valledaosta #bikepark #campionatoeuropeo #montagna #eventi #sicurezza #colpodocchio #transennet #proudofthem<\/div>\n<\/div>\n<p>&nbsp;<\/p>\n<p>&nbsp;<\/p>\n","protected":false},"excerpt":{"rendered":"<p>Mehr als 700 Athleten registrierten x laufen 2 mal auf einem 5 km Ring im historischen Zentrum von Monza ab 21:00 Uhr am 14.05.2016.<\/p>\n","protected":false},"featured_media":4612,"parent":0,"menu_order":0,"template":"","categories":[60],"tags":[],"class_list":["post-4703","notizia","type-notizia","status-publish","has-post-thumbnail","hentry","category-nachrichten"],"acf":[],"yoast_head":"<!-- This site is optimized with the Yoast SEO plugin v27.3 - https:\/\/yoast.com\/product\/yoast-seo-wordpress\/ -->\n<title>UEC - MTB-EUROPAMEISTERSCHAFT 2021 - Pila (AO) - Transenne.net<\/title>\n<meta name=\"robots\" content=\"index, follow, max-snippet:-1, max-image-preview:large, max-video-preview:-1\" \/>\n<link rel=\"canonical\" href=\"https:\/\/www.transenne.net\/de\/blog\/uec-mtb-europameisterschaft-2021-pila-ao\/\" \/>\n<meta property=\"og:locale\" content=\"de_DE\" \/>\n<meta property=\"og:type\" content=\"article\" \/>\n<meta property=\"og:title\" content=\"UEC - MTB-EUROPAMEISTERSCHAFT 2021 - Pila (AO) - Transenne.net\" \/>\n<meta property=\"og:description\" content=\"Mehr als 700 Athleten registrierten x laufen 2 mal auf einem 5 km Ring im historischen Zentrum von Monza ab 21:00 Uhr am 14.05.2016.\" \/>\n<meta property=\"og:url\" content=\"https:\/\/www.transenne.net\/de\/blog\/uec-mtb-europameisterschaft-2021-pila-ao\/\" \/>\n<meta property=\"og:site_name\" content=\"Transenne.net\" \/>\n<meta property=\"og:image\" content=\"https:\/\/www.transenne.net\/wp-content\/uploads\/2022\/04\/la-corsa-del-trenino-2022-358_XL.jpg\" \/>\n\t<meta property=\"og:image:width\" content=\"1200\" \/>\n\t<meta property=\"og:image:height\" content=\"799\" \/>\n\t<meta property=\"og:image:type\" content=\"image\/jpeg\" \/>\n<meta name=\"twitter:card\" content=\"summary_large_image\" \/>\n<meta name=\"twitter:label1\" content=\"Gesch\u00e4tzte Lesezeit\" \/>\n\t<meta name=\"twitter:data1\" content=\"1\u00a0Minute\" \/>\n<!-- \/ Yoast SEO plugin. -->","yoast_head_json":{"title":"UEC - MTB-EUROPAMEISTERSCHAFT 2021 - Pila (AO) - Transenne.net","robots":{"index":"index","follow":"follow","max-snippet":"max-snippet:-1","max-image-preview":"max-image-preview:large","max-video-preview":"max-video-preview:-1"},"canonical":"https:\/\/www.transenne.net\/de\/blog\/uec-mtb-europameisterschaft-2021-pila-ao\/","og_locale":"de_DE","og_type":"article","og_title":"UEC - MTB-EUROPAMEISTERSCHAFT 2021 - Pila (AO) - Transenne.net","og_description":"Mehr als 700 Athleten registrierten x laufen 2 mal auf einem 5 km Ring im historischen Zentrum von Monza ab 21:00 Uhr am 14.05.2016.","og_url":"https:\/\/www.transenne.net\/de\/blog\/uec-mtb-europameisterschaft-2021-pila-ao\/","og_site_name":"Transenne.net","og_image":[{"width":1200,"height":799,"url":"https:\/\/www.transenne.net\/wp-content\/uploads\/2022\/04\/la-corsa-del-trenino-2022-358_XL.jpg","type":"image\/jpeg"}],"twitter_card":"summary_large_image","twitter_misc":{"Gesch\u00e4tzte Lesezeit":"1\u00a0Minute"},"schema":{"@context":"https:\/\/schema.org","@graph":[{"@type":"WebPage","@id":"https:\/\/www.transenne.net\/de\/blog\/uec-mtb-europameisterschaft-2021-pila-ao\/","url":"https:\/\/www.transenne.net\/de\/blog\/uec-mtb-europameisterschaft-2021-pila-ao\/","name":"UEC - MTB-EUROPAMEISTERSCHAFT 2021 - Pila (AO) - Transenne.net","isPartOf":{"@id":"https:\/\/www.transenne.net\/de\/#website"},"primaryImageOfPage":{"@id":"https:\/\/www.transenne.net\/de\/blog\/uec-mtb-europameisterschaft-2021-pila-ao\/#primaryimage"},"image":{"@id":"https:\/\/www.transenne.net\/de\/blog\/uec-mtb-europameisterschaft-2021-pila-ao\/#primaryimage"},"thumbnailUrl":"https:\/\/www.transenne.net\/wp-content\/uploads\/2022\/04\/la-corsa-del-trenino-2022-358_XL.jpg","datePublished":"2022-04-19T18:38:29+00:00","breadcrumb":{"@id":"https:\/\/www.transenne.net\/de\/blog\/uec-mtb-europameisterschaft-2021-pila-ao\/#breadcrumb"},"inLanguage":"de","potentialAction":[{"@type":"ReadAction","target":["https:\/\/www.transenne.net\/de\/blog\/uec-mtb-europameisterschaft-2021-pila-ao\/"]}]},{"@type":"ImageObject","inLanguage":"de","@id":"https:\/\/www.transenne.net\/de\/blog\/uec-mtb-europameisterschaft-2021-pila-ao\/#primaryimage","url":"https:\/\/www.transenne.net\/wp-content\/uploads\/2022\/04\/la-corsa-del-trenino-2022-358_XL.jpg","contentUrl":"https:\/\/www.transenne.net\/wp-content\/uploads\/2022\/04\/la-corsa-del-trenino-2022-358_XL.jpg","width":1200,"height":799},{"@type":"BreadcrumbList","@id":"https:\/\/www.transenne.net\/de\/blog\/uec-mtb-europameisterschaft-2021-pila-ao\/#breadcrumb","itemListElement":[{"@type":"ListItem","position":1,"name":"Home","item":"https:\/\/www.transenne.net\/de\/"},{"@type":"ListItem","position":2,"name":"UEC &#8211; MTB-EUROPAMEISTERSCHAFT 2021 &#8211; Pila (AO)"}]},{"@type":"WebSite","@id":"https:\/\/www.transenne.net\/de\/#website","url":"https:\/\/www.transenne.net\/de\/","name":"Transenne.net","description":"","publisher":{"@id":"https:\/\/www.transenne.net\/de\/#organization"},"potentialAction":[{"@type":"SearchAction","target":{"@type":"EntryPoint","urlTemplate":"https:\/\/www.transenne.net\/de\/?s={search_term_string}"},"query-input":{"@type":"PropertyValueSpecification","valueRequired":true,"valueName":"search_term_string"}}],"inLanguage":"de"},{"@type":"Organization","@id":"https:\/\/www.transenne.net\/de\/#organization","name":"Transenne.net","url":"https:\/\/www.transenne.net\/de\/","logo":{"@type":"ImageObject","inLanguage":"de","@id":"https:\/\/www.transenne.net\/de\/#\/schema\/logo\/image\/","url":"https:\/\/www.transenne.net\/wp-content\/uploads\/2022\/05\/logo_transenne-1.png","contentUrl":"https:\/\/www.transenne.net\/wp-content\/uploads\/2022\/05\/logo_transenne-1.png","width":1536,"height":186,"caption":"Transenne.net"},"image":{"@id":"https:\/\/www.transenne.net\/de\/#\/schema\/logo\/image\/"}}]}},"_links":{"self":[{"href":"https:\/\/www.transenne.net\/de\/wp-json\/wp\/v2\/notizia\/4703","targetHints":{"allow":["GET"]}}],"collection":[{"href":"https:\/\/www.transenne.net\/de\/wp-json\/wp\/v2\/notizia"}],"about":[{"href":"https:\/\/www.transenne.net\/de\/wp-json\/wp\/v2\/types\/notizia"}],"wp:featuredmedia":[{"embeddable":true,"href":"https:\/\/www.transenne.net\/de\/wp-json\/wp\/v2\/media\/4612"}],"wp:attachment":[{"href":"https:\/\/www.transenne.net\/de\/wp-json\/wp\/v2\/media?parent=4703"}],"wp:term":[{"taxonomy":"category","embeddable":true,"href":"https:\/\/www.transenne.net\/de\/wp-json\/wp\/v2\/categories?post=4703"},{"taxonomy":"post_tag","embeddable":true,"href":"https:\/\/www.transenne.net\/de\/wp-json\/wp\/v2\/tags?post=4703"}],"curies":[{"name":"wp","href":"https:\/\/api.w.org\/{rel}","templated":true}]}}